{"id":1088,"date":"2016-06-27T11:37:39","date_gmt":"2016-06-27T14:37:39","guid":{"rendered":"http:\/\/aliriopfiffer.hospedagemdesites.ws\/?p=1075"},"modified":"2016-12-14T19:27:56","modified_gmt":"2016-12-14T21:27:56","slug":"1075-2","status":"publish","type":"post","link":"https:\/\/www.institutotmo.org.br\/old\/1075-2\/","title":{"rendered":"Instituto TMO recebe pr\u00eamio do Redome"},"content":{"rendered":"<div>\n<div>\n<blockquote>\n<div dir=\"ltr\">\n<div>\n<div style=\"text-align: left;\">No \u00faltimo dia 17 de junho, o Instituto TMO recebeu, no Rio de Janeiro, o Pr\u00eamio Dr. Jos\u00e9 Roberto Feresin Moraes de Coopera\u00e7\u00e3o ao Registro de Doadores de Medula \u00d3ssea (Redome). A entrega aconteceu durante o 9\u00ba Encontro do Redome e Bancos P\u00fablicos de Sangue de Cord\u00e3o Umbilical. O TMO, que \u00e9 um importante apoiador do transplante de medula \u00f3ssea, foi representado por sua presidente, Regina Bruni.O evento \u00e9 realizado anualmente pelo Redome e re\u00fane profissionais envolvidos nas diversas etapas do transplante n\u00e3o aparentado (sem doador familiar) de medula \u00f3ssea. Tradicionalmente, \u00e9 feita uma homenagem \u00e0s iniciativas de pessoas, institui\u00e7\u00f5es ou ve\u00edculos de comunica\u00e7\u00e3o que tiveram impacto positivo nas atividades do Redome.<\/p>\n<\/div>\n<div style=\"text-align: left;\"><\/div>\n<div style=\"text-align: left;\">Na foto, a presidente do TMO, Regina Bruni, recebe o trof\u00e9u das m\u00e3os da assistente social\u00a0Itala Ferreira.<\/div>\n<div style=\"text-align: left;\"><\/div>\n<div><a style=\"line-height: 28px;\" href=\"http:\/\/aliriopfiffer.hospedagemdesites.ws\/wp-content\/uploads\/2016\/06\/IMG_9002.jpg\"><img class=\"alignright size-full wp-image-1068\" title=\"IMG_9002\" src=\"http:\/\/aliriopfiffer.hospedagemdesites.ws\/wp-content\/uploads\/2016\/06\/IMG_9002.jpg\" alt=\"\" \/><\/a><\/div>\n<\/div>\n<\/div>\n<\/blockquote>\n<\/div>\n<\/div>\n","protected":false},"excerpt":{"rendered":"<p>No \u00faltimo dia 17 de junho, o Instituto TMO recebeu, no Rio de Janeiro, o Pr\u00eamio Dr. Jos\u00e9 Roberto Feresin Moraes de Coopera\u00e7\u00e3o ao Registro de Doadores de Medula \u00d3ssea (Redome). A entrega aconteceu durante o 9\u00ba Encontro do Redome e Bancos P\u00fablicos de Sangue de Cord\u00e3o Umbilical. O TMO, que \u00e9 um importante apoiador [&hellip;]<\/p>\n","protected":false},"author":1,"featured_media":0,"comment_status":"open","ping_status":"open","sticky":false,"template":"","format":"standard","meta":{"spay_email":""},"categories":[7],"tags":[],"jetpack_featured_media_url":"","_links":{"self":[{"href":"https:\/\/www.institutotmo.org.br\/old\/wp-json\/wp\/v2\/posts\/1088"}],"collection":[{"href":"https:\/\/www.institutotmo.org.br\/old\/wp-json\/wp\/v2\/posts"}],"about":[{"href":"https:\/\/www.institutotmo.org.br\/old\/wp-json\/wp\/v2\/types\/post"}],"author":[{"embeddable":true,"href":"https:\/\/www.institutotmo.org.br\/old\/wp-json\/wp\/v2\/users\/1"}],"replies":[{"embeddable":true,"href":"https:\/\/www.institutotmo.org.br\/old\/wp-json\/wp\/v2\/comments?post=1088"}],"version-history":[{"count":1,"href":"https:\/\/www.institutotmo.org.br\/old\/wp-json\/wp\/v2\/posts\/1088\/revisions"}],"predecessor-version":[{"id":1091,"href":"https:\/\/www.institutotmo.org.br\/old\/wp-json\/wp\/v2\/posts\/1088\/revisions\/1091"}],"wp:attachment":[{"href":"https:\/\/www.institutotmo.org.br\/old\/wp-json\/wp\/v2\/media?parent=1088"}],"wp:term":[{"taxonomy":"category","embeddable":true,"href":"https:\/\/www.institutotmo.org.br\/old\/wp-json\/wp\/v2\/categories?post=1088"},{"taxonomy":"post_tag","embeddable":true,"href":"https:\/\/www.institutotmo.org.br\/old\/wp-json\/wp\/v2\/tags?post=1088"}],"curies":[{"name":"wp","href":"https:\/\/api.w.org\/{rel}","templated":true}]}}