{"id":1262,"date":"2017-02-01T14:43:47","date_gmt":"2017-02-01T16:43:47","guid":{"rendered":"http:\/\/www.institutotmo.org.br\/?p=1262"},"modified":"2017-02-01T14:57:01","modified_gmt":"2017-02-01T16:57:01","slug":"1262-2","status":"publish","type":"post","link":"https:\/\/www.institutotmo.org.br\/old\/1262-2\/","title":{"rendered":"Complexo Hospital de Cl\u00ednicas ter\u00e1 nova superintendente"},"content":{"rendered":"<p>Nesta quinta-feira (02\/02), haver\u00e1 a posse da nova Superintendente do Complexo Hospital de Cl\u00ednicas, a Dra. Claudete Reggiani, que at\u00e9 ent\u00e3o ocupava o cargo de diretora do Setor de Ci\u00eancias da Sa\u00fade da UFPR.<\/p>\n<p>A solenidade ser\u00e1 realizada \u00e0s 11h no Hall da Dire\u00e7\u00e3o do HC (Rua General Carneiro 181), com presen\u00e7a do reitor Ricardo Marcelo Fonseca. O INSTITUTO TMO estar\u00e1 presente, representado pela Primeira Vice-Presidente S\u00f4nia Moritz Per\u00fassolo.<\/p>\n<p>O INSTITUTO deseja uma gest\u00e3o prof\u00edcua e de sucesso para a nova superintendente deste grande complexo hospitalar, que \u00e9 refer\u00eancia em transplante de medula \u00f3ssea para a Am\u00e9rica Latina.<\/p>\n<figure id=\"attachment_1264\" aria-describedby=\"caption-attachment-1264\" style=\"width: 907px\" class=\"wp-caption aligncenter\"><img loading=\"lazy\" class=\"size-full wp-image-1264\" src=\"http:\/\/www.institutotmo.org.br\/wp-content\/uploads\/2017\/02\/16265556_1516319181731398_121314220283477778_n.jpg\" alt=\"\" width=\"907\" height=\"620\" srcset=\"https:\/\/www.institutotmo.org.br\/old\/wp-content\/uploads\/2017\/02\/16265556_1516319181731398_121314220283477778_n.jpg 907w, https:\/\/www.institutotmo.org.br\/old\/wp-content\/uploads\/2017\/02\/16265556_1516319181731398_121314220283477778_n-300x205.jpg 300w, https:\/\/www.institutotmo.org.br\/old\/wp-content\/uploads\/2017\/02\/16265556_1516319181731398_121314220283477778_n-768x525.jpg 768w, https:\/\/www.institutotmo.org.br\/old\/wp-content\/uploads\/2017\/02\/16265556_1516319181731398_121314220283477778_n-830x567.jpg 830w, https:\/\/www.institutotmo.org.br\/old\/wp-content\/uploads\/2017\/02\/16265556_1516319181731398_121314220283477778_n-230x157.jpg 230w, https:\/\/www.institutotmo.org.br\/old\/wp-content\/uploads\/2017\/02\/16265556_1516319181731398_121314220283477778_n-350x239.jpg 350w, https:\/\/www.institutotmo.org.br\/old\/wp-content\/uploads\/2017\/02\/16265556_1516319181731398_121314220283477778_n-480x328.jpg 480w\" sizes=\"(max-width: 907px) 100vw, 907px\" \/><figcaption id=\"caption-attachment-1264\" class=\"wp-caption-text\">Dra. Claudete Reggiani &#8211; Foto: Valterci Santos \/ Gazeta do Povo.<\/figcaption><\/figure>\n","protected":false},"excerpt":{"rendered":"<p>Nesta quinta-feira (02\/02), haver\u00e1 a posse da nova Superintendente do Complexo Hospital de Cl\u00ednicas, a Dra. Claudete Reggiani, que at\u00e9 ent\u00e3o ocupava o cargo de diretora do Setor de Ci\u00eancias da Sa\u00fade da UFPR. A solenidade ser\u00e1 realizada \u00e0s 11h no Hall da Dire\u00e7\u00e3o do HC (Rua General Carneiro 181), com presen\u00e7a do reitor Ricardo [&hellip;]<\/p>\n","protected":false},"author":2,"featured_media":0,"comment_status":"open","ping_status":"open","sticky":false,"template":"","format":"standard","meta":{"spay_email":""},"categories":[7],"tags":[11,13,9,12,10],"jetpack_featured_media_url":"","_links":{"self":[{"href":"https:\/\/www.institutotmo.org.br\/old\/wp-json\/wp\/v2\/posts\/1262"}],"collection":[{"href":"https:\/\/www.institutotmo.org.br\/old\/wp-json\/wp\/v2\/posts"}],"about":[{"href":"https:\/\/www.institutotmo.org.br\/old\/wp-json\/wp\/v2\/types\/post"}],"author":[{"embeddable":true,"href":"https:\/\/www.institutotmo.org.br\/old\/wp-json\/wp\/v2\/users\/2"}],"replies":[{"embeddable":true,"href":"https:\/\/www.institutotmo.org.br\/old\/wp-json\/wp\/v2\/comments?post=1262"}],"version-history":[{"count":4,"href":"https:\/\/www.institutotmo.org.br\/old\/wp-json\/wp\/v2\/posts\/1262\/revisions"}],"predecessor-version":[{"id":1268,"href":"https:\/\/www.institutotmo.org.br\/old\/wp-json\/wp\/v2\/posts\/1262\/revisions\/1268"}],"wp:attachment":[{"href":"https:\/\/www.institutotmo.org.br\/old\/wp-json\/wp\/v2\/media?parent=1262"}],"wp:term":[{"taxonomy":"category","embeddable":true,"href":"https:\/\/www.institutotmo.org.br\/old\/wp-json\/wp\/v2\/categories?post=1262"},{"taxonomy":"post_tag","embeddable":true,"href":"https:\/\/www.institutotmo.org.br\/old\/wp-json\/wp\/v2\/tags?post=1262"}],"curies":[{"name":"wp","href":"https:\/\/api.w.org\/{rel}","templated":true}]}}