{"id":1276,"date":"2017-04-20T10:01:34","date_gmt":"2017-04-20T13:01:34","guid":{"rendered":"http:\/\/www.institutotmo.org.br\/?p=1276"},"modified":"2017-05-03T10:52:10","modified_gmt":"2017-05-03T13:52:10","slug":"pessoas-acolhidas-na-casa-malice-dao-depoimentos-sobre-o-local","status":"publish","type":"post","link":"https:\/\/www.institutotmo.org.br\/old\/pessoas-acolhidas-na-casa-malice-dao-depoimentos-sobre-o-local\/","title":{"rendered":"Pessoas acolhidas na Casa Malice d\u00e3o depoimentos sobre o local"},"content":{"rendered":"<p>Na Casa Malice, pessoas em recupera\u00e7\u00e3o e seus acompanhantes contam com um ambiente acolhedor e confort\u00e1vel, com salas de estar e de refei\u00e7\u00f5es, \u00e1rea de lazer, quartos com banheiros privativos, lavanderia e cozinha totalmente equipada, minimizando as dificuldades encontradas por estarem fora de suas casas. O local conta com equipe administrativa pr\u00f3pria e assistente social para orientar, assistir e colaborar com o conforto das pessoas acolhidas.<\/p>\n<p><img loading=\"lazy\" class=\"aligncenter wp-image-1277\" src=\"http:\/\/www.institutotmo.org.br\/wp-content\/uploads\/2017\/04\/depoimento-01.png\" alt=\"\" width=\"600\" height=\"343\" srcset=\"https:\/\/www.institutotmo.org.br\/old\/wp-content\/uploads\/2017\/04\/depoimento-01.png 759w, https:\/\/www.institutotmo.org.br\/old\/wp-content\/uploads\/2017\/04\/depoimento-01-300x172.png 300w, https:\/\/www.institutotmo.org.br\/old\/wp-content\/uploads\/2017\/04\/depoimento-01-230x132.png 230w, https:\/\/www.institutotmo.org.br\/old\/wp-content\/uploads\/2017\/04\/depoimento-01-350x200.png 350w, https:\/\/www.institutotmo.org.br\/old\/wp-content\/uploads\/2017\/04\/depoimento-01-480x274.png 480w\" sizes=\"(max-width: 600px) 100vw, 600px\" \/><\/p>\n<p><em>\u201cEssa \u00e9 uma casa que Deus colocou no nosso caminho. Ela acolhe as pessoa de bra\u00e7os abertos, ajudando no que elas podem ajudar. \u00c9 a nossa moradia. \u00c9 como se eu sa\u00edsse da minha cidade e tivesse a minha casa aqui. Eu tenho a liberdade de fazer o mesmo que eu fa\u00e7o na minha casa. A Malice \u00e9 uma b\u00ean\u00e7\u00e3o que Deus nos deu\u201d.<\/em><\/p>\n<p>Nelci Maria da Silva, de Cuiab\u00e1, Mato Grosso (36 anos).<\/p>\n<p>&nbsp;<\/p>\n<p>&nbsp;<\/p>\n<p><img loading=\"lazy\" class=\"aligncenter wp-image-1278\" src=\"http:\/\/www.institutotmo.org.br\/wp-content\/uploads\/2017\/04\/depoimento-03.png\" alt=\"\" width=\"600\" height=\"338\" srcset=\"https:\/\/www.institutotmo.org.br\/old\/wp-content\/uploads\/2017\/04\/depoimento-03.png 800w, https:\/\/www.institutotmo.org.br\/old\/wp-content\/uploads\/2017\/04\/depoimento-03-300x169.png 300w, https:\/\/www.institutotmo.org.br\/old\/wp-content\/uploads\/2017\/04\/depoimento-03-768x432.png 768w, https:\/\/www.institutotmo.org.br\/old\/wp-content\/uploads\/2017\/04\/depoimento-03-230x129.png 230w, https:\/\/www.institutotmo.org.br\/old\/wp-content\/uploads\/2017\/04\/depoimento-03-350x197.png 350w, https:\/\/www.institutotmo.org.br\/old\/wp-content\/uploads\/2017\/04\/depoimento-03-480x270.png 480w\" sizes=\"(max-width: 600px) 100vw, 600px\" \/><\/p>\n<p><em>\u201cDois dias depois de inaugurar, n\u00f3s viemos pra c\u00e1. Aqui eu me sinto em casa. Posso at\u00e9 fazer um bolo de fub\u00e1 ou de chocolate\u201d. <\/em><\/p>\n<p>J\u00e9ssica Calhega, de Cambar\u00e1, Paran\u00e1 (21 anos). Realizou o transplante em dezembro de 2016.<\/p>\n<p>&nbsp;<\/p>\n<p><em>\u201cEu encaro como um aprendizado na vida. Quando eu a conheci, ela j\u00e1 sofria da doen\u00e7a. Isso n\u00e3o interfere em nada no nosso casamento. Temos um conv\u00edvio bacana. E n\u00e3o \u00e9 por causa da doen\u00e7a que a gente deixa de viver. <strong>A gente n\u00e3o est\u00e1 aqui para se tratar. A gente est\u00e1 aqui para viver<\/strong>\u201d.<\/em><\/p>\n<p>Edson Gomes da Cunha, marido de J\u00e9ssica (26 anos).<\/p>\n","protected":false},"excerpt":{"rendered":"<p>Na Casa Malice, pessoas em recupera\u00e7\u00e3o e seus acompanhantes contam com um ambiente acolhedor e confort\u00e1vel, com salas de estar e de refei\u00e7\u00f5es, \u00e1rea de lazer, quartos com banheiros privativos, lavanderia e cozinha totalmente equipada, minimizando as dificuldades encontradas por estarem fora de suas casas. O local conta com equipe administrativa pr\u00f3pria e assistente social [&hellip;]<\/p>\n","protected":false},"author":2,"featured_media":0,"comment_status":"open","ping_status":"open","sticky":false,"template":"","format":"standard","meta":{"spay_email":""},"categories":[7],"tags":[14],"jetpack_featured_media_url":"","_links":{"self":[{"href":"https:\/\/www.institutotmo.org.br\/old\/wp-json\/wp\/v2\/posts\/1276"}],"collection":[{"href":"https:\/\/www.institutotmo.org.br\/old\/wp-json\/wp\/v2\/posts"}],"about":[{"href":"https:\/\/www.institutotmo.org.br\/old\/wp-json\/wp\/v2\/types\/post"}],"author":[{"embeddable":true,"href":"https:\/\/www.institutotmo.org.br\/old\/wp-json\/wp\/v2\/users\/2"}],"replies":[{"embeddable":true,"href":"https:\/\/www.institutotmo.org.br\/old\/wp-json\/wp\/v2\/comments?post=1276"}],"version-history":[{"count":3,"href":"https:\/\/www.institutotmo.org.br\/old\/wp-json\/wp\/v2\/posts\/1276\/revisions"}],"predecessor-version":[{"id":1301,"href":"https:\/\/www.institutotmo.org.br\/old\/wp-json\/wp\/v2\/posts\/1276\/revisions\/1301"}],"wp:attachment":[{"href":"https:\/\/www.institutotmo.org.br\/old\/wp-json\/wp\/v2\/media?parent=1276"}],"wp:term":[{"taxonomy":"category","embeddable":true,"href":"https:\/\/www.institutotmo.org.br\/old\/wp-json\/wp\/v2\/categories?post=1276"},{"taxonomy":"post_tag","embeddable":true,"href":"https:\/\/www.institutotmo.org.br\/old\/wp-json\/wp\/v2\/tags?post=1276"}],"curies":[{"name":"wp","href":"https:\/\/api.w.org\/{rel}","templated":true}]}}