{"id":590,"date":"2013-01-07T13:26:50","date_gmt":"2013-01-07T15:26:50","guid":{"rendered":"http:\/\/aliriopfiffer.hospedagemdesites.ws\/?p=590"},"modified":"2016-12-17T13:27:52","modified_gmt":"2016-12-17T15:27:52","slug":"festa-natal-pro-vida-central-do-dizimo-2","status":"publish","type":"post","link":"https:\/\/www.institutotmo.org.br\/old\/festa-natal-pro-vida-central-do-dizimo-2\/","title":{"rendered":"Festa Natal Pr\u00f3-vida &#8211; Central do D\u00edzimo"},"content":{"rendered":"<p><a href=\"http:\/\/aliriopfiffer.hospedagemdesites.ws\/wp-content\/uploads\/2013\/01\/Martha-Schulman-Pr\u00f3-vida.1.jpg\"><img loading=\"lazy\" class=\"aligncenter size-medium wp-image-591\" title=\"Martha Schulman Pr\u00f3-vida.\" src=\"http:\/\/aliriopfiffer.hospedagemdesites.ws\/wp-content\/uploads\/2013\/01\/Martha-Schulman-Pr\u00f3-vida.1-300x219.jpg\" alt=\"\" width=\"300\" height=\"219\" \/><\/a>No dia oito de dezembro o INSTITUTO TMO\/Associa\u00e7\u00e3o Al\u00edrio Pfiffer participou da Festa de Natal da Pr\u00f3-Vida, representado pela vice-presidente, Martha Schulman, e pela gerente administrativa, Eryclea Porto Freire. Durante a solenidade o INSTITUTO TMO ganhou um laptop de presente, que foi recebido pelas m\u00e3os da vice-presidente Martha Schulman.<\/p>\n","protected":false},"excerpt":{"rendered":"<p>No dia oito de dezembro o INSTITUTO TMO\/Associa\u00e7\u00e3o Al\u00edrio Pfiffer participou da Festa de Natal da Pr\u00f3-Vida, representado pela vice-presidente, Martha Schulman, e pela gerente administrativa, Eryclea Porto Freire. Durante a solenidade o INSTITUTO TMO ganhou um laptop de presente, que foi recebido pelas m\u00e3os da vice-presidente Martha Schulman.<\/p>\n","protected":false},"author":1,"featured_media":0,"comment_status":"open","ping_status":"open","sticky":false,"template":"","format":"standard","meta":{"spay_email":""},"categories":[3],"tags":[],"jetpack_featured_media_url":"","_links":{"self":[{"href":"https:\/\/www.institutotmo.org.br\/old\/wp-json\/wp\/v2\/posts\/590"}],"collection":[{"href":"https:\/\/www.institutotmo.org.br\/old\/wp-json\/wp\/v2\/posts"}],"about":[{"href":"https:\/\/www.institutotmo.org.br\/old\/wp-json\/wp\/v2\/types\/post"}],"author":[{"embeddable":true,"href":"https:\/\/www.institutotmo.org.br\/old\/wp-json\/wp\/v2\/users\/1"}],"replies":[{"embeddable":true,"href":"https:\/\/www.institutotmo.org.br\/old\/wp-json\/wp\/v2\/comments?post=590"}],"version-history":[{"count":1,"href":"https:\/\/www.institutotmo.org.br\/old\/wp-json\/wp\/v2\/posts\/590\/revisions"}],"predecessor-version":[{"id":1104,"href":"https:\/\/www.institutotmo.org.br\/old\/wp-json\/wp\/v2\/posts\/590\/revisions\/1104"}],"wp:attachment":[{"href":"https:\/\/www.institutotmo.org.br\/old\/wp-json\/wp\/v2\/media?parent=590"}],"wp:term":[{"taxonomy":"category","embeddable":true,"href":"https:\/\/www.institutotmo.org.br\/old\/wp-json\/wp\/v2\/categories?post=590"},{"taxonomy":"post_tag","embeddable":true,"href":"https:\/\/www.institutotmo.org.br\/old\/wp-json\/wp\/v2\/tags?post=590"}],"curies":[{"name":"wp","href":"https:\/\/api.w.org\/{rel}","templated":true}]}}