{"id":629,"date":"2013-08-16T11:04:59","date_gmt":"2013-08-16T14:04:59","guid":{"rendered":"http:\/\/aliriopfiffer.hospedagemdesites.ws\/?p=629"},"modified":"2016-12-17T13:27:49","modified_gmt":"2016-12-17T15:27:49","slug":"conquista","status":"publish","type":"post","link":"https:\/\/www.institutotmo.org.br\/old\/conquista\/","title":{"rendered":"Conquista"},"content":{"rendered":"<p>O Trabalho sobre transplantes de medula em pacientes portadores de S\u00edndrome de Wiskott Aldrich, realizado pela m\u00e9dica hematologista e encologista do Programa de Transplante Pedi\u00e1trico do Hospital de Cl\u00ednicas, Carmem Bonfim, conquistou o primeiro lugar no Pr\u00eamio Julio Voltarelli, concedido pela Sociedade Brasileira de Transplante.<\/p>\n<p>A S\u00edndrome \u00e9 uma imunodefici\u00eancia cong\u00eanita caracteriza por eczema (les\u00f5es de pele), plaquetas baixas (respons\u00e1veis pelo sangramento excessivo) e infec\u00e7\u00f5es de repeti\u00e7\u00e3o. A bonifica\u00e7\u00e3o oferecida de 5 mil reais oferecida ao trabalho vencedor ser\u00e1 destinada para o INSTITUTO TMO e ir\u00e1 contribuir para atender as necessidades do Servi\u00e7o de Transplante de Medula \u00d3ssea do setor pedi\u00e1trico, que atende, anualmente, cerca de 90 crian\u00e7as.<\/p>\n","protected":false},"excerpt":{"rendered":"<p>O Trabalho sobre transplantes de medula em pacientes portadores de S\u00edndrome de Wiskott Aldrich, realizado pela m\u00e9dica hematologista e encologista do Programa de Transplante Pedi\u00e1trico do Hospital de Cl\u00ednicas, Carmem Bonfim, conquistou o primeiro lugar no Pr\u00eamio Julio Voltarelli, concedido pela Sociedade Brasileira de Transplante. A S\u00edndrome \u00e9 uma imunodefici\u00eancia cong\u00eanita caracteriza por eczema (les\u00f5es [&hellip;]<\/p>\n","protected":false},"author":1,"featured_media":0,"comment_status":"open","ping_status":"open","sticky":false,"template":"","format":"standard","meta":{"spay_email":""},"categories":[7],"tags":[],"jetpack_featured_media_url":"","_links":{"self":[{"href":"https:\/\/www.institutotmo.org.br\/old\/wp-json\/wp\/v2\/posts\/629"}],"collection":[{"href":"https:\/\/www.institutotmo.org.br\/old\/wp-json\/wp\/v2\/posts"}],"about":[{"href":"https:\/\/www.institutotmo.org.br\/old\/wp-json\/wp\/v2\/types\/post"}],"author":[{"embeddable":true,"href":"https:\/\/www.institutotmo.org.br\/old\/wp-json\/wp\/v2\/users\/1"}],"replies":[{"embeddable":true,"href":"https:\/\/www.institutotmo.org.br\/old\/wp-json\/wp\/v2\/comments?post=629"}],"version-history":[{"count":1,"href":"https:\/\/www.institutotmo.org.br\/old\/wp-json\/wp\/v2\/posts\/629\/revisions"}],"predecessor-version":[{"id":1147,"href":"https:\/\/www.institutotmo.org.br\/old\/wp-json\/wp\/v2\/posts\/629\/revisions\/1147"}],"wp:attachment":[{"href":"https:\/\/www.institutotmo.org.br\/old\/wp-json\/wp\/v2\/media?parent=629"}],"wp:term":[{"taxonomy":"category","embeddable":true,"href":"https:\/\/www.institutotmo.org.br\/old\/wp-json\/wp\/v2\/categories?post=629"},{"taxonomy":"post_tag","embeddable":true,"href":"https:\/\/www.institutotmo.org.br\/old\/wp-json\/wp\/v2\/tags?post=629"}],"curies":[{"name":"wp","href":"https:\/\/api.w.org\/{rel}","templated":true}]}}