{"id":651,"date":"2013-08-16T14:15:09","date_gmt":"2013-08-16T17:15:09","guid":{"rendered":"http:\/\/aliriopfiffer.hospedagemdesites.ws\/?p=651"},"modified":"2016-12-17T13:27:24","modified_gmt":"2016-12-17T15:27:24","slug":"balanco-do-bem","status":"publish","type":"post","link":"https:\/\/www.institutotmo.org.br\/old\/balanco-do-bem\/","title":{"rendered":"Balan\u00e7o do Bem"},"content":{"rendered":"<p>No dia 11 de Abril, o INSTITUTO TMO realizou a Assembl\u00e9ia Geral para apresentar o balan\u00e7o anual aos seus conselheiros. Auditado por Alberto Ribeiro, da Leading Consultoria, com participa\u00e7\u00e3o de Julio \u00c1lvaro Amadeu, da Amadeu &amp; Hermes Contadores S\/S (AHCON), o balan\u00e7o foi aprovado por todos os presentes. A presidente do INSTITUTO TMO, Bettina Souza Murad\u00e1s, destacou a consolida\u00e7\u00e3o do Fundo em 2012, que garantiu o investimento de aproximadamente R$340.000,00 em a\u00e7\u00f5es sociais do STMO.<\/p>\n<p>Al\u00e9m da presidente, participaram da apresenta\u00e7\u00e3o de dados e resultados as vices-presidentes Cristiane Canet Mocellin, Adriana Aranha Hapner, Maria Cec\u00edlia de Le\u00e3o Rosenmann, Ana Zulmira Canet Krause e os conselheiros Beatriz Ferroni Ferreira e Gla\u00facio Geara.<\/p>\n<figure id=\"attachment_654\" aria-describedby=\"caption-attachment-654\" style=\"width: 300px\" class=\"wp-caption aligncenter\"><a href=\"http:\/\/aliriopfiffer.hospedagemdesites.ws\/wp-content\/uploads\/2013\/08\/Nova-imagem1.jpg\"><img loading=\"lazy\" class=\"size-medium wp-image-654\" title=\"Nova imagem1\" src=\"http:\/\/aliriopfiffer.hospedagemdesites.ws\/wp-content\/uploads\/2013\/08\/Nova-imagem1-300x225.jpg\" alt=\"\" width=\"300\" height=\"225\" \/><\/a><figcaption id=\"caption-attachment-654\" class=\"wp-caption-text\">Vice-Presidente Financeira Maria Cec\u00edlia de Le\u00e3o Rosenmann, Conselheira Beatriz Ferroni Ferreira, Presidente Bettina Murad\u00e1s, Vice-Presidente de Projetos Ana Zulmira Canet Krause e Conselheiro Gla\u00facio Geara.<\/figcaption><\/figure>\n","protected":false},"excerpt":{"rendered":"<p>No dia 11 de Abril, o INSTITUTO TMO realizou a Assembl\u00e9ia Geral para apresentar o balan\u00e7o anual aos seus conselheiros. Auditado por Alberto Ribeiro, da Leading Consultoria, com participa\u00e7\u00e3o de Julio \u00c1lvaro Amadeu, da Amadeu &amp; Hermes Contadores S\/S (AHCON), o balan\u00e7o foi aprovado por todos os presentes. A presidente do INSTITUTO TMO, Bettina Souza [&hellip;]<\/p>\n","protected":false},"author":1,"featured_media":0,"comment_status":"open","ping_status":"open","sticky":false,"template":"","format":"standard","meta":{"spay_email":""},"categories":[3],"tags":[],"jetpack_featured_media_url":"","_links":{"self":[{"href":"https:\/\/www.institutotmo.org.br\/old\/wp-json\/wp\/v2\/posts\/651"}],"collection":[{"href":"https:\/\/www.institutotmo.org.br\/old\/wp-json\/wp\/v2\/posts"}],"about":[{"href":"https:\/\/www.institutotmo.org.br\/old\/wp-json\/wp\/v2\/types\/post"}],"author":[{"embeddable":true,"href":"https:\/\/www.institutotmo.org.br\/old\/wp-json\/wp\/v2\/users\/1"}],"replies":[{"embeddable":true,"href":"https:\/\/www.institutotmo.org.br\/old\/wp-json\/wp\/v2\/comments?post=651"}],"version-history":[{"count":1,"href":"https:\/\/www.institutotmo.org.br\/old\/wp-json\/wp\/v2\/posts\/651\/revisions"}],"predecessor-version":[{"id":1101,"href":"https:\/\/www.institutotmo.org.br\/old\/wp-json\/wp\/v2\/posts\/651\/revisions\/1101"}],"wp:attachment":[{"href":"https:\/\/www.institutotmo.org.br\/old\/wp-json\/wp\/v2\/media?parent=651"}],"wp:term":[{"taxonomy":"category","embeddable":true,"href":"https:\/\/www.institutotmo.org.br\/old\/wp-json\/wp\/v2\/categories?post=651"},{"taxonomy":"post_tag","embeddable":true,"href":"https:\/\/www.institutotmo.org.br\/old\/wp-json\/wp\/v2\/tags?post=651"}],"curies":[{"name":"wp","href":"https:\/\/api.w.org\/{rel}","templated":true}]}}