{"id":662,"date":"2013-08-16T17:16:47","date_gmt":"2013-08-16T20:16:47","guid":{"rendered":"http:\/\/aliriopfiffer.hospedagemdesites.ws\/?p=662"},"modified":"2016-12-17T13:26:17","modified_gmt":"2016-12-17T15:26:17","slug":"be-a-ba-do-bem","status":"publish","type":"post","link":"https:\/\/www.institutotmo.org.br\/old\/be-a-ba-do-bem\/","title":{"rendered":"B\u00ea-a-B\u00e1 do bem"},"content":{"rendered":"<p>No \u00faltimo dia 04 de Junho, o Hospital de Cl\u00ednicas foi sede do lan\u00e7amento de publica\u00e7\u00f5es muito especiais: o Livro &#8220;O Super Medula&#8221; e os manuais &#8220;Guiando Passos&#8221; e &#8220;Manual de Quimioterapia&#8221;, que contaram com o apoio do INSTITUTO TMO para impress\u00e3o. O evento teve as presen\u00e7as do vice-reitor da Universidade Federal do Paran\u00e1, Rog\u00e9rio Mulinari, representando o Reitor Zaki Akel Sobrinho, da diretora geral do HC, Heda B. Amarante, da supervisora da Universidade de Hematologia, Hemoterapia e Oncologia do HC, Mariester Malvezzi, e da vice-presidente do INSTITUTO TMO, Ana Zulmira Canet Krause.<\/p>\n<p>O livro &#8220;O Super Medula&#8221; foi escrito por um dos pacientes do STMO do HC, Nat\u00e3 Moreira Farias, de 15 anos. O material \u00e9 um relato autobiogr\u00e1fico de sua luta para vencer a Anemia de Fanconi, doen\u00e7a rara que causa defici\u00eancia da medula \u00f3ssea, desde os primeiros sintomas at\u00e1 a realiza\u00e7\u00e3o do t\u00e3o esperado transplante, h\u00e1 tr\u00eas anos. O livro foi orientado e supervisionado pela psic\u00f3loga Maribel Pelaez D\u00f3ro.<\/p>\n<p>J\u00e1 os manuais foram elaborados pela equipe multiprofissional do HC e contem informa\u00e7\u00f5es sobre tratamentos, orienta\u00e7\u00f5es de interna\u00e7\u00e3o, atendimento ambulatorial, rea\u00e7\u00f5es, entre outras, sendo distribu\u00eddos para todos os pacientes com agendamento de transplante de medula ou quimioterapia.<\/p>\n<p>Todas as publica\u00e7\u00f5es s\u00e3o gratuitas.<a href=\"http:\/\/aliriopfiffer.hospedagemdesites.ws\/wp-content\/uploads\/2013\/08\/1.jpg\"><img loading=\"lazy\" class=\"aligncenter size-medium wp-image-663\" title=\"1\" src=\"http:\/\/aliriopfiffer.hospedagemdesites.ws\/wp-content\/uploads\/2013\/08\/1-300x225.jpg\" alt=\"\" width=\"300\" height=\"225\" \/><\/a><\/p>\n","protected":false},"excerpt":{"rendered":"<p>No \u00faltimo dia 04 de Junho, o Hospital de Cl\u00ednicas foi sede do lan\u00e7amento de publica\u00e7\u00f5es muito especiais: o Livro &#8220;O Super Medula&#8221; e os manuais &#8220;Guiando Passos&#8221; e &#8220;Manual de Quimioterapia&#8221;, que contaram com o apoio do INSTITUTO TMO para impress\u00e3o. O evento teve as presen\u00e7as do vice-reitor da Universidade Federal do Paran\u00e1, Rog\u00e9rio [&hellip;]<\/p>\n","protected":false},"author":1,"featured_media":0,"comment_status":"open","ping_status":"open","sticky":false,"template":"","format":"standard","meta":{"spay_email":""},"categories":[3],"tags":[],"jetpack_featured_media_url":"","_links":{"self":[{"href":"https:\/\/www.institutotmo.org.br\/old\/wp-json\/wp\/v2\/posts\/662"}],"collection":[{"href":"https:\/\/www.institutotmo.org.br\/old\/wp-json\/wp\/v2\/posts"}],"about":[{"href":"https:\/\/www.institutotmo.org.br\/old\/wp-json\/wp\/v2\/types\/post"}],"author":[{"embeddable":true,"href":"https:\/\/www.institutotmo.org.br\/old\/wp-json\/wp\/v2\/users\/1"}],"replies":[{"embeddable":true,"href":"https:\/\/www.institutotmo.org.br\/old\/wp-json\/wp\/v2\/comments?post=662"}],"version-history":[{"count":1,"href":"https:\/\/www.institutotmo.org.br\/old\/wp-json\/wp\/v2\/posts\/662\/revisions"}],"predecessor-version":[{"id":1136,"href":"https:\/\/www.institutotmo.org.br\/old\/wp-json\/wp\/v2\/posts\/662\/revisions\/1136"}],"wp:attachment":[{"href":"https:\/\/www.institutotmo.org.br\/old\/wp-json\/wp\/v2\/media?parent=662"}],"wp:term":[{"taxonomy":"category","embeddable":true,"href":"https:\/\/www.institutotmo.org.br\/old\/wp-json\/wp\/v2\/categories?post=662"},{"taxonomy":"post_tag","embeddable":true,"href":"https:\/\/www.institutotmo.org.br\/old\/wp-json\/wp\/v2\/tags?post=662"}],"curies":[{"name":"wp","href":"https:\/\/api.w.org\/{rel}","templated":true}]}}