{"id":755,"date":"2013-10-16T15:01:14","date_gmt":"2013-10-16T18:01:14","guid":{"rendered":"http:\/\/aliriopfiffer.hospedagemdesites.ws\/?p=755"},"modified":"2016-12-17T13:26:48","modified_gmt":"2016-12-17T15:26:48","slug":"instituto-tmoassociacao-alirio-pfiffer-associacao-dos-amigos-do-hc-e-novita-juntas-em-acao-solidaria","status":"publish","type":"post","link":"https:\/\/www.institutotmo.org.br\/old\/instituto-tmoassociacao-alirio-pfiffer-associacao-dos-amigos-do-hc-e-novita-juntas-em-acao-solidaria\/","title":{"rendered":"Instituto TMO\/Associa\u00e7\u00e3o Al\u00edrio Pfiffer, Associa\u00e7\u00e3o dos Amigos do HC e Novit\u00e0 juntas em a\u00e7\u00e3o solid\u00e1ria!"},"content":{"rendered":"<p>A Novit\u00e1, loja especializada em cama, mesa e banho, artigos de presente e decora\u00e7\u00e3o localizada no Batel, lan\u00e7a no dia 17 de Outubro, uma super promo\u00e7\u00e3o de todos os seus produtos. Parte da renda ser\u00e1 revertida \u00e0 Associa\u00e7\u00e3o dos Amigos do Hospital de Cl\u00ednicas e ao Instituto TMO \u2013 Associa\u00e7\u00e3o Al\u00edrio Pfiffer.<br \/>\n<strong><\/p>\n<p>Coquetel de Lan\u00e7amento da Promo\u00e7\u00e3o:\u00a0<\/strong><br \/>\n17\/10\/2013 das 17 \u00e0s 19h<br \/>\nAv. Benjamin Lins, 808 (Av. Batel) \u2013 Shopping Hauer<br \/>\nEstacionamento gratuito pela Comendador Ara\u00fajo<\/p>\n<p><a href=\"http:\/\/aliriopfiffer.hospedagemdesites.ws\/wp-content\/uploads\/2013\/10\/ARTE2-RED.jpg\"><img loading=\"lazy\" class=\"aligncenter size-medium wp-image-758\" title=\"ARTE2 RED\" src=\"http:\/\/aliriopfiffer.hospedagemdesites.ws\/wp-content\/uploads\/2013\/10\/ARTE2-RED-121x300.jpg\" alt=\"\" width=\"121\" height=\"300\" \/><\/a><\/p>\n","protected":false},"excerpt":{"rendered":"<p>A Novit\u00e1, loja especializada em cama, mesa e banho, artigos de presente e decora\u00e7\u00e3o localizada no Batel, lan\u00e7a no dia 17 de Outubro, uma super promo\u00e7\u00e3o de todos os seus produtos. Parte da renda ser\u00e1 revertida \u00e0 Associa\u00e7\u00e3o dos Amigos do Hospital de Cl\u00ednicas e ao Instituto TMO \u2013 Associa\u00e7\u00e3o Al\u00edrio Pfiffer. Coquetel de Lan\u00e7amento [&hellip;]<\/p>\n","protected":false},"author":1,"featured_media":0,"comment_status":"open","ping_status":"open","sticky":false,"template":"","format":"standard","meta":{"spay_email":""},"categories":[3],"tags":[],"jetpack_featured_media_url":"","_links":{"self":[{"href":"https:\/\/www.institutotmo.org.br\/old\/wp-json\/wp\/v2\/posts\/755"}],"collection":[{"href":"https:\/\/www.institutotmo.org.br\/old\/wp-json\/wp\/v2\/posts"}],"about":[{"href":"https:\/\/www.institutotmo.org.br\/old\/wp-json\/wp\/v2\/types\/post"}],"author":[{"embeddable":true,"href":"https:\/\/www.institutotmo.org.br\/old\/wp-json\/wp\/v2\/users\/1"}],"replies":[{"embeddable":true,"href":"https:\/\/www.institutotmo.org.br\/old\/wp-json\/wp\/v2\/comments?post=755"}],"version-history":[{"count":1,"href":"https:\/\/www.institutotmo.org.br\/old\/wp-json\/wp\/v2\/posts\/755\/revisions"}],"predecessor-version":[{"id":1131,"href":"https:\/\/www.institutotmo.org.br\/old\/wp-json\/wp\/v2\/posts\/755\/revisions\/1131"}],"wp:attachment":[{"href":"https:\/\/www.institutotmo.org.br\/old\/wp-json\/wp\/v2\/media?parent=755"}],"wp:term":[{"taxonomy":"category","embeddable":true,"href":"https:\/\/www.institutotmo.org.br\/old\/wp-json\/wp\/v2\/categories?post=755"},{"taxonomy":"post_tag","embeddable":true,"href":"https:\/\/www.institutotmo.org.br\/old\/wp-json\/wp\/v2\/tags?post=755"}],"curies":[{"name":"wp","href":"https:\/\/api.w.org\/{rel}","templated":true}]}}